{"id":1261,"date":"2019-11-22T20:10:00","date_gmt":"2019-11-22T20:10:00","guid":{"rendered":"http:\/\/lavanthe.de\/?p=1261"},"modified":"2020-08-12T21:35:29","modified_gmt":"2020-08-12T21:35:29","slug":"22-11-2019-eroeffnung-der-10-tuerkisch-deutschen-literaturtage","status":"publish","type":"post","link":"https:\/\/lavanthe.de\/index.php\/2019\/11\/22\/22-11-2019-eroeffnung-der-10-tuerkisch-deutschen-literaturtage\/","title":{"rendered":"Er\u00f6ffnung der 10. T\u00fcrkisch-deutschen Literaturtage"},"content":{"rendered":"\n<div class=\"wp-block-image\"><figure class=\"aligncenter size-large\"><img loading=\"lazy\" decoding=\"async\" width=\"1287\" height=\"663\" src=\"https:\/\/lavanthe.de\/wp-content\/uploads\/2019\/12\/22.11.2019-VillaLeon.jpg\" alt=\"\" class=\"wp-image-1262\"\/><figcaption><strong>K\u00fcnstler v.l.n.r.:<\/strong><br>Sad\u0131k K\u0131r\u0131c\u0131 (Ba\u011flama),  Eylem Balaban (Gesang), Georgios Evangelou (Gitarre),<br><br> 22.11.2019  &#8211; Villa Leon, N\u00fcrnberg <\/figcaption><\/figure><\/div>\n\n\n\n<p><\/p>\n","protected":false},"excerpt":{"rendered":"","protected":false},"author":3,"featured_media":0,"comment_status":"closed","ping_status":"closed","sticky":false,"template":"","format":"standard","meta":{"footnotes":""},"categories":[4],"tags":[39,14,21,20],"class_list":["post-1261","post","type-post","status-publish","format-standard","hentry","category-veranstaltungen","tag-ensemble-lavanthe","tag-eylem-balaban","tag-georgios-evangelou","tag-sadik-kirici"],"_links":{"self":[{"href":"https:\/\/lavanthe.de\/index.php\/wp-json\/wp\/v2\/posts\/1261","targetHints":{"allow":["GET"]}}],"collection":[{"href":"https:\/\/lavanthe.de\/index.php\/wp-json\/wp\/v2\/posts"}],"about":[{"href":"https:\/\/lavanthe.de\/index.php\/wp-json\/wp\/v2\/types\/post"}],"author":[{"embeddable":true,"href":"https:\/\/lavanthe.de\/index.php\/wp-json\/wp\/v2\/users\/3"}],"replies":[{"embeddable":true,"href":"https:\/\/lavanthe.de\/index.php\/wp-json\/wp\/v2\/comments?post=1261"}],"version-history":[{"count":11,"href":"https:\/\/lavanthe.de\/index.php\/wp-json\/wp\/v2\/posts\/1261\/revisions"}],"predecessor-version":[{"id":1545,"href":"https:\/\/lavanthe.de\/index.php\/wp-json\/wp\/v2\/posts\/1261\/revisions\/1545"}],"wp:attachment":[{"href":"https:\/\/lavanthe.de\/index.php\/wp-json\/wp\/v2\/media?parent=1261"}],"wp:term":[{"taxonomy":"category","embeddable":true,"href":"https:\/\/lavanthe.de\/index.php\/wp-json\/wp\/v2\/categories?post=1261"},{"taxonomy":"post_tag","embeddable":true,"href":"https:\/\/lavanthe.de\/index.php\/wp-json\/wp\/v2\/tags?post=1261"}],"curies":[{"name":"wp","href":"https:\/\/api.w.org\/{rel}","templated":true}]}}