{"id":1777,"date":"2020-07-11T21:47:00","date_gmt":"2020-07-11T21:47:00","guid":{"rendered":"http:\/\/lavanthe.de\/?p=1777"},"modified":"2020-10-15T09:09:47","modified_gmt":"2020-10-15T09:09:47","slug":"kulturwerkstatt-auf-aeg","status":"publish","type":"post","link":"https:\/\/lavanthe.de\/index.php\/2020\/07\/11\/kulturwerkstatt-auf-aeg\/","title":{"rendered":"Kulturwerkstatt auf AEG"},"content":{"rendered":"\n<p class=\"has-text-align-left\">Aufnahmetermin am 11.07.20 f\u00fcr \u201eDie Seele Anatoliens\u201c<\/p>\n\n\n\n<p>Video :<span style=\"color:#0693e3\" class=\"tadv-color\"> <a rel=\"noreferrer noopener\" href=\"https:\/\/youtu.be\/CTsXTcnjnpI\" target=\"_blank\"><\/a><\/span><a rel=\"noreferrer noopener\" href=\"https:\/\/youtu.be\/CTsXTcnjnpI\" target=\"_blank\"><span style=\"background-color:#ffffff\" class=\"tadv-background-color\"><span style=\"color:#0693e3\" class=\"tadv-color\">youtu.be\/CTsXTcnjnpI<\/span><\/span><\/a><\/p>\n\n\n\n<div class=\"wp-block-image\"><figure class=\"aligncenter size-large is-resized\"><img loading=\"lazy\" decoding=\"async\" src=\"https:\/\/lavanthe.de\/wp-content\/uploads\/2020\/07\/Lavanthe-AS-4.jpg\" alt=\"\" class=\"wp-image-1806\" width=\"671\" height=\"422\"\/><figcaption>Anika Herbst (Rezitation), Sad\u0131k K\u0131r\u0131c\u0131 (Ba\u011flama)<\/figcaption><\/figure><\/div>\n\n\n\n<div class=\"wp-block-image is-style-default\"><figure class=\"aligncenter size-large\"><img loading=\"lazy\" decoding=\"async\" width=\"1920\" height=\"1080\" src=\"https:\/\/lavanthe.de\/wp-content\/uploads\/2020\/07\/Eylem-1-Weich-neu.jpg\" alt=\"\" class=\"wp-image-1828\"\/><figcaption>Eylem Balaban (Gesang)<\/figcaption><\/figure><\/div>\n\n\n\n<div class=\"wp-block-image\"><figure class=\"aligncenter size-large\"><img loading=\"lazy\" decoding=\"async\" width=\"1387\" height=\"823\" src=\"https:\/\/lavanthe.de\/wp-content\/uploads\/2020\/07\/Lavanthe-MME-1.jpg\" alt=\"\" class=\"wp-image-1803\"\/><figcaption>Michael Popp (Gitarre), Marika Falk (Bendir)<\/figcaption><\/figure><\/div>\n","protected":false},"excerpt":{"rendered":"<p>Aufnahmetermin am 11.07.20 f\u00fcr \u201eDie Seele Anatoliens\u201c Video : youtu.be\/CTsXTcnjnpI<\/p>\n","protected":false},"author":3,"featured_media":0,"comment_status":"closed","ping_status":"closed","sticky":false,"template":"","format":"standard","meta":{"footnotes":""},"categories":[4],"tags":[18,39,14,19,10,22,20],"class_list":["post-1777","post","type-post","status-publish","format-standard","hentry","category-veranstaltungen","tag-anika-herbst","tag-ensemble-lavanthe","tag-eylem-balaban","tag-kulturwerkstatt-auf-aeg","tag-marika-falk","tag-michael-popp","tag-sadik-kirici"],"_links":{"self":[{"href":"https:\/\/lavanthe.de\/index.php\/wp-json\/wp\/v2\/posts\/1777","targetHints":{"allow":["GET"]}}],"collection":[{"href":"https:\/\/lavanthe.de\/index.php\/wp-json\/wp\/v2\/posts"}],"about":[{"href":"https:\/\/lavanthe.de\/index.php\/wp-json\/wp\/v2\/types\/post"}],"author":[{"embeddable":true,"href":"https:\/\/lavanthe.de\/index.php\/wp-json\/wp\/v2\/users\/3"}],"replies":[{"embeddable":true,"href":"https:\/\/lavanthe.de\/index.php\/wp-json\/wp\/v2\/comments?post=1777"}],"version-history":[{"count":29,"href":"https:\/\/lavanthe.de\/index.php\/wp-json\/wp\/v2\/posts\/1777\/revisions"}],"predecessor-version":[{"id":1868,"href":"https:\/\/lavanthe.de\/index.php\/wp-json\/wp\/v2\/posts\/1777\/revisions\/1868"}],"wp:attachment":[{"href":"https:\/\/lavanthe.de\/index.php\/wp-json\/wp\/v2\/media?parent=1777"}],"wp:term":[{"taxonomy":"category","embeddable":true,"href":"https:\/\/lavanthe.de\/index.php\/wp-json\/wp\/v2\/categories?post=1777"},{"taxonomy":"post_tag","embeddable":true,"href":"https:\/\/lavanthe.de\/index.php\/wp-json\/wp\/v2\/tags?post=1777"}],"curies":[{"name":"wp","href":"https:\/\/api.w.org\/{rel}","templated":true}]}}